{"id":2772,"date":"2025-11-15T17:47:24","date_gmt":"2025-11-15T20:47:24","guid":{"rendered":"https:\/\/arco-iris.org.br\/paradario\/?p=2772"},"modified":"2025-11-15T17:56:30","modified_gmt":"2025-11-15T20:56:30","slug":"diversidade-e-representatividade-marcam-a-selecao-de-djs-para-a-30a-parada-do-orgulho-lgbti-rio","status":"publish","type":"post","link":"https:\/\/arco-iris.org.br\/paradario\/diversidade-e-representatividade-marcam-a-selecao-de-djs-para-a-30a-parada-do-orgulho-lgbti-rio\/","title":{"rendered":"Diversidade e representatividade marcam a sele\u00e7\u00e3o de DJs para a 30\u00aa Parada do Orgulho LGBTI+ Rio"},"content":{"rendered":"\n<p><em>Com mais da metade das vagas ocupadas por artistas negros e ind\u00edgenas e forte presen\u00e7a de mulheres e pessoas trans, a trilha sonora da celebra\u00e7\u00e3o em Copacabana reafirma o compromisso hist\u00f3rico do evento com a inclus\u00e3o.<\/em><\/p>\n\n\n\n<p><img decoding=\"async\" width=\"150\" height=\"74\" class=\"wp-image-2773\" style=\"width: 150px;\" src=\"https:\/\/arco-iris.org.br\/paradario\/wp-content\/uploads\/2025\/11\/27a-Parada-do-Orgulho-LGBT-Rio-2022_foto-Lorena-Zschaber-2-scaled.jpg\" alt=\"\" srcset=\"https:\/\/arco-iris.org.br\/paradario\/wp-content\/uploads\/2025\/11\/27a-Parada-do-Orgulho-LGBT-Rio-2022_foto-Lorena-Zschaber-2-scaled.jpg 2560w, https:\/\/arco-iris.org.br\/paradario\/wp-content\/uploads\/2025\/11\/27a-Parada-do-Orgulho-LGBT-Rio-2022_foto-Lorena-Zschaber-2-300x148.jpg 300w, https:\/\/arco-iris.org.br\/paradario\/wp-content\/uploads\/2025\/11\/27a-Parada-do-Orgulho-LGBT-Rio-2022_foto-Lorena-Zschaber-2-1024x504.jpg 1024w, https:\/\/arco-iris.org.br\/paradario\/wp-content\/uploads\/2025\/11\/27a-Parada-do-Orgulho-LGBT-Rio-2022_foto-Lorena-Zschaber-2-768x378.jpg 768w, https:\/\/arco-iris.org.br\/paradario\/wp-content\/uploads\/2025\/11\/27a-Parada-do-Orgulho-LGBT-Rio-2022_foto-Lorena-Zschaber-2-1536x756.jpg 1536w, https:\/\/arco-iris.org.br\/paradario\/wp-content\/uploads\/2025\/11\/27a-Parada-do-Orgulho-LGBT-Rio-2022_foto-Lorena-Zschaber-2-2048x1008.jpg 2048w\" sizes=\"(max-width: 150px) 100vw, 150px\" \/><\/p>\n\n\n\n<p>O Grupo Arco-\u00cdris de Cidadania LGBTI+ anunciou a lista oficial dos 35 DJs que ir\u00e3o comandar a programa\u00e7\u00e3o musical da <strong>30\u00aa Parada do Orgulho LGBTI+ Rio<\/strong>. O evento hist\u00f3rico, que celebra tr\u00eas d\u00e9cadas de luta, resist\u00eancia e conquistas, est\u00e1 marcado para o dia 23 de novembro, na tradicional orla de Copacabana.<\/p>\n\n\n\n<p>A sele\u00e7\u00e3o final \u00e9 resultado de uma chamada p\u00fablica que atraiu mais de 100 inscri\u00e7\u00f5es, demonstrando o engajamento e a pot\u00eancia da cena art\u00edstica da comunidade. O resultado, mais do que uma simples lista de artistas, apresenta-se como um retrato fiel do compromisso da Parada com a pluralidade de vozes que comp\u00f5em o movimento LGBTI+.<\/p>\n\n\n\n<p>A sele\u00e7\u00e3o dos artistas foi um desafio positivo, dada a alta qualidade e diversidade das propostas enviadas. O processo foi conduzido por uma curadoria especializada, formada por <strong>Nanda Machado, Felipe Ferrer e Allan Rissato<\/strong>. O Grupo Arco-\u00cdris agradeceu publicamente \u00e0 equipe pelo &#8220;trabalho t\u00e9cnico e criterioso&#8221; na an\u00e1lise das inscri\u00e7\u00f5es.<\/p>\n\n\n\n<p>Em comunicado, a organiza\u00e7\u00e3o da Parada lamentou as limita\u00e7\u00f5es de espa\u00e7o e tempo nos trios e palcos, que impediram a inclus\u00e3o de todos os inscritos, mas refor\u00e7ou o convite para que todos participem da celebra\u00e7\u00e3o.<\/p>\n\n\n\n<p>&#8220;Agradecemos profundamente a todas as pessoas inscritas pela confian\u00e7a, pelo interesse em participar e pelo carinho demonstrado. Convidamos cada uma a estar conosco na Parada, fortalecendo essa celebra\u00e7\u00e3o dos 30 anos de hist\u00f3ria&#8221;, declarou a coordena\u00e7\u00e3o.<\/p>\n\n\n\n<p><strong>Um Retrato da Diversidade: Os N\u00fameros da Sele\u00e7\u00e3o<\/strong><\/p>\n\n\n\n<p>A composi\u00e7\u00e3o final dos 35 DJs selecionados \u00e9 um forte indicativo do foco na representatividade, especialmente no que tange aos recortes de ra\u00e7a e identidade de g\u00eanero, pautas centrais na luta por direitos humanos dentro e fora da comunidade LGBTI+.<\/p>\n\n\n\n<p>Os dados estat\u00edsticos divulgados pelo Grupo Arco-\u00cdris revelam um painel plural:<\/p>\n\n\n\n<p>\u2022 <strong>Cor\/Ra\u00e7a:<\/strong> O destaque principal \u00e9 a maioria de artistas n\u00e3o-brancos. <strong>51,4% (18 pessoas) s\u00e3o negras (pretas e pardas)<\/strong> e <strong>5,7% (2 pessoas) s\u00e3o ind\u00edgenas<\/strong>, totalizando 57,1% de DJs pertencentes a grupos racializados. Pessoas brancas comp\u00f5em 40% (14) da sele\u00e7\u00e3o.<\/p>\n\n\n\n<p>\u2022 <strong>Identidade de G\u00eanero:<\/strong> A sele\u00e7\u00e3o alcan\u00e7ou um equil\u00edbrio not\u00e1vel, com <strong>45,7% (16 pessoas) do espectro feminino<\/strong> e 54,3% (19 pessoas) do espectro masculino. Mais importante, o detalhamento mostra a inclus\u00e3o trans: a Parada contar\u00e1 com <strong>5 mulheres trans<\/strong> (al\u00e9m de 11 mulheres cis) e <strong>1 homem trans<\/strong> (al\u00e9m de 18 homens cis).<\/p>\n\n\n\n<p>\u2022 <strong>Orienta\u00e7\u00e3o LGBTI+:<\/strong> A diversidade da sigla tamb\u00e9m est\u00e1 presente, com 45,7% de DJs gays (16), 20% de l\u00e9sbicas (7), 17,1% de bissexuais (6), 14,3% de pessoas trans\/heterossexuais (5) e 2,9% de pansexuais (1).<\/p>\n\n\n\n<p>Ao garantir que mais da metade dos artistas sejam negros ou ind\u00edgenas, a Parada do Rio envia uma mensagem clara de repara\u00e7\u00e3o hist\u00f3rica e de reconhecimento da contribui\u00e7\u00e3o fundamental dessas popula\u00e7\u00f5es para a constru\u00e7\u00e3o do movimento. Da mesma forma, a presen\u00e7a robusta de mulheres (especialmente l\u00e9sbicas e bissexuais) e de pessoas trans nos trios el\u00e9tricos desafia a narrativa de que os espa\u00e7os de poder e visibilidade na cena LGBTI+ s\u00e3o majoritariamente ocupados por homens gays cisg\u00eaneros.<\/p>\n\n\n\n<p>A pr\u00f3pria organiza\u00e7\u00e3o observou que, embora o maior n\u00famero absoluto de inscri\u00e7\u00f5es tenha vindo de homens gays \u2013 o que naturalmente influenciou o resultado final \u2013, houve uma sele\u00e7\u00e3o criteriosa para garantir o &#8220;excelente aproveitamento de pessoas l\u00e9sbicas, mulheres, bissexuais e trans&#8221;.<\/p>\n\n\n\n<p>O Grupo Arco-\u00cdris encerrou a nota reafirmando seus valores: &#8220;Reafirmamos nosso compromisso com a diversidade, a representatividade e o fomento art\u00edstico, valores que marcam a trajet\u00f3ria da Parada do Orgulho LGBTI+ Rio ao longo de tr\u00eas d\u00e9cadas. A 30\u00aa Parada ser\u00e1 uma grande celebra\u00e7\u00e3o coletiva \u2014 e voc\u00eas s\u00e3o parte fundamental dessa hist\u00f3ria.<\/p>\n\n\n\n<p><\/p>\n","protected":false},"excerpt":{"rendered":"<p>O Grupo Arco-\u00cdris anunciou os 35 DJs que comandar\u00e3o a trilha sonora da 30\u00aa Parada do Orgulho LGBTI+ Rio, em 23 de novembro. A sele\u00e7\u00e3o foi feita a partir de mais de 100 inscri\u00e7\u00f5es e reflete o compromisso hist\u00f3rico do evento com a representatividade: 57,1% dos artistas selecionados s\u00e3o negros ou ind\u00edgenas e 45,7% s\u00e3o do espectro feminino, incluindo uma forte presen\u00e7a de mulheres cis e trans. A organiza\u00e7\u00e3o agradeceu a todos os inscritos e convidou a comunidade para celebrar as tr\u00eas d\u00e9cadas de hist\u00f3ria da Parada em Copacabana.<\/p>\n","protected":false},"author":3,"featured_media":2775,"comment_status":"open","ping_status":"open","sticky":false,"template":"","format":"standard","meta":{"footnotes":""},"categories":[1],"tags":[15,14],"class_list":["post-2772","post","type-post","status-publish","format-standard","has-post-thumbnail","hentry","category-sem-categoria","tag-lgbt","tag-pride"],"yoast_head":"<!-- This site is optimized with the Yoast SEO plugin v26.2 - https:\/\/yoast.com\/wordpress\/plugins\/seo\/ -->\n<title>Diversidade e representatividade marcam a sele\u00e7\u00e3o de DJs para a 30\u00aa Parada do Orgulho LGBTI+ Rio - Parada do Orgulho LGBTI+<\/title>\n<meta name=\"description\" content=\"O Grupo Arco-\u00cdris anunciou os 35 DJs que comandar\u00e3o a trilha sonora da 30\u00aa Parada do Orgulho LGBTI+ Rio, em 23 de novembro. A sele\u00e7\u00e3o foi feita a partir de mais de 100 inscri\u00e7\u00f5es e reflete o compromisso hist\u00f3rico do evento com a representatividade: 57,1% dos artistas selecionados s\u00e3o negros ou ind\u00edgenas e 45,7% s\u00e3o do espectro feminino, incluindo uma forte presen\u00e7a de mulheres cis e trans. A organiza\u00e7\u00e3o agradeceu a todos os inscritos e convidou a comunidade para celebrar as tr\u00eas d\u00e9cadas de hist\u00f3ria da Parada em Copacabana.\" \/>\n<meta name=\"robots\" content=\"index, follow, max-snippet:-1, max-image-preview:large, max-video-preview:-1\" \/>\n<link rel=\"canonical\" href=\"https:\/\/arco-iris.org.br\/paradario\/diversidade-e-representatividade-marcam-a-selecao-de-djs-para-a-30a-parada-do-orgulho-lgbti-rio\/\" \/>\n<meta property=\"og:locale\" content=\"pt_BR\" \/>\n<meta property=\"og:type\" content=\"article\" \/>\n<meta property=\"og:title\" content=\"Diversidade e representatividade marcam a sele\u00e7\u00e3o de DJs para a 30\u00aa Parada do Orgulho LGBTI+ Rio - Parada do Orgulho LGBTI+\" \/>\n<meta property=\"og:description\" content=\"O Grupo Arco-\u00cdris anunciou os 35 DJs que comandar\u00e3o a trilha sonora da 30\u00aa Parada do Orgulho LGBTI+ Rio, em 23 de novembro. A sele\u00e7\u00e3o foi feita a partir de mais de 100 inscri\u00e7\u00f5es e reflete o compromisso hist\u00f3rico do evento com a representatividade: 57,1% dos artistas selecionados s\u00e3o negros ou ind\u00edgenas e 45,7% s\u00e3o do espectro feminino, incluindo uma forte presen\u00e7a de mulheres cis e trans. A organiza\u00e7\u00e3o agradeceu a todos os inscritos e convidou a comunidade para celebrar as tr\u00eas d\u00e9cadas de hist\u00f3ria da Parada em Copacabana.\" \/>\n<meta property=\"og:url\" content=\"https:\/\/arco-iris.org.br\/paradario\/diversidade-e-representatividade-marcam-a-selecao-de-djs-para-a-30a-parada-do-orgulho-lgbti-rio\/\" \/>\n<meta property=\"og:site_name\" content=\"Parada do Orgulho LGBTI+\" \/>\n<meta property=\"article:publisher\" content=\"https:\/\/www.facebook.com\/grupoarcoiris.perfilii\/\" \/>\n<meta property=\"article:published_time\" content=\"2025-11-15T20:47:24+00:00\" \/>\n<meta property=\"article:modified_time\" content=\"2025-11-15T20:56:30+00:00\" \/>\n<meta property=\"og:image\" content=\"https:\/\/arco-iris.org.br\/paradario\/wp-content\/uploads\/2025\/11\/27a-Parada-do-Orgulho-LGBT-Rio-2022_foto-Lorena-Zschaber-2-1-scaled.jpg\" \/>\n\t<meta property=\"og:image:width\" content=\"2560\" \/>\n\t<meta property=\"og:image:height\" content=\"1260\" \/>\n\t<meta property=\"og:image:type\" content=\"image\/jpeg\" \/>\n<meta name=\"author\" content=\"Jerson pita\" \/>\n<meta name=\"twitter:card\" content=\"summary_large_image\" \/>\n<meta name=\"twitter:label1\" content=\"Escrito por\" \/>\n\t<meta name=\"twitter:data1\" content=\"Jerson pita\" \/>\n\t<meta name=\"twitter:label2\" content=\"Est. tempo de leitura\" \/>\n\t<meta name=\"twitter:data2\" content=\"4 minutos\" \/>\n<script type=\"application\/ld+json\" class=\"yoast-schema-graph\">{\"@context\":\"https:\/\/schema.org\",\"@graph\":[{\"@type\":\"Article\",\"@id\":\"https:\/\/arco-iris.org.br\/paradario\/diversidade-e-representatividade-marcam-a-selecao-de-djs-para-a-30a-parada-do-orgulho-lgbti-rio\/#article\",\"isPartOf\":{\"@id\":\"https:\/\/arco-iris.org.br\/paradario\/diversidade-e-representatividade-marcam-a-selecao-de-djs-para-a-30a-parada-do-orgulho-lgbti-rio\/\"},\"author\":{\"name\":\"Jerson pita\",\"@id\":\"https:\/\/arco-iris.org.br\/paradario\/#\/schema\/person\/9fe3352eb9b27c51df2f611e3c2aa73c\"},\"headline\":\"Diversidade e representatividade marcam a sele\u00e7\u00e3o de DJs para a 30\u00aa Parada do Orgulho LGBTI+ Rio\",\"datePublished\":\"2025-11-15T20:47:24+00:00\",\"dateModified\":\"2025-11-15T20:56:30+00:00\",\"mainEntityOfPage\":{\"@id\":\"https:\/\/arco-iris.org.br\/paradario\/diversidade-e-representatividade-marcam-a-selecao-de-djs-para-a-30a-parada-do-orgulho-lgbti-rio\/\"},\"wordCount\":681,\"commentCount\":0,\"publisher\":{\"@id\":\"https:\/\/arco-iris.org.br\/paradario\/#organization\"},\"image\":{\"@id\":\"https:\/\/arco-iris.org.br\/paradario\/diversidade-e-representatividade-marcam-a-selecao-de-djs-para-a-30a-parada-do-orgulho-lgbti-rio\/#primaryimage\"},\"thumbnailUrl\":\"https:\/\/arco-iris.org.br\/paradario\/wp-content\/uploads\/2025\/11\/27a-Parada-do-Orgulho-LGBT-Rio-2022_foto-Lorena-Zschaber-2-1-scaled.jpg\",\"keywords\":[\"lgbt\",\"pride\"],\"inLanguage\":\"pt-BR\",\"potentialAction\":[{\"@type\":\"CommentAction\",\"name\":\"Comment\",\"target\":[\"https:\/\/arco-iris.org.br\/paradario\/diversidade-e-representatividade-marcam-a-selecao-de-djs-para-a-30a-parada-do-orgulho-lgbti-rio\/#respond\"]}]},{\"@type\":\"WebPage\",\"@id\":\"https:\/\/arco-iris.org.br\/paradario\/diversidade-e-representatividade-marcam-a-selecao-de-djs-para-a-30a-parada-do-orgulho-lgbti-rio\/\",\"url\":\"https:\/\/arco-iris.org.br\/paradario\/diversidade-e-representatividade-marcam-a-selecao-de-djs-para-a-30a-parada-do-orgulho-lgbti-rio\/\",\"name\":\"Diversidade e representatividade marcam a sele\u00e7\u00e3o de DJs para a 30\u00aa Parada do Orgulho LGBTI+ Rio - Parada do Orgulho LGBTI+\",\"isPartOf\":{\"@id\":\"https:\/\/arco-iris.org.br\/paradario\/#website\"},\"primaryImageOfPage\":{\"@id\":\"https:\/\/arco-iris.org.br\/paradario\/diversidade-e-representatividade-marcam-a-selecao-de-djs-para-a-30a-parada-do-orgulho-lgbti-rio\/#primaryimage\"},\"image\":{\"@id\":\"https:\/\/arco-iris.org.br\/paradario\/diversidade-e-representatividade-marcam-a-selecao-de-djs-para-a-30a-parada-do-orgulho-lgbti-rio\/#primaryimage\"},\"thumbnailUrl\":\"https:\/\/arco-iris.org.br\/paradario\/wp-content\/uploads\/2025\/11\/27a-Parada-do-Orgulho-LGBT-Rio-2022_foto-Lorena-Zschaber-2-1-scaled.jpg\",\"datePublished\":\"2025-11-15T20:47:24+00:00\",\"dateModified\":\"2025-11-15T20:56:30+00:00\",\"description\":\"O Grupo Arco-\u00cdris anunciou os 35 DJs que comandar\u00e3o a trilha sonora da 30\u00aa Parada do Orgulho LGBTI+ Rio, em 23 de novembro. A sele\u00e7\u00e3o foi feita a partir de mais de 100 inscri\u00e7\u00f5es e reflete o compromisso hist\u00f3rico do evento com a representatividade: 57,1% dos artistas selecionados s\u00e3o negros ou ind\u00edgenas e 45,7% s\u00e3o do espectro feminino, incluindo uma forte presen\u00e7a de mulheres cis e trans. A organiza\u00e7\u00e3o agradeceu a todos os inscritos e convidou a comunidade para celebrar as tr\u00eas d\u00e9cadas de hist\u00f3ria da Parada em Copacabana.\",\"breadcrumb\":{\"@id\":\"https:\/\/arco-iris.org.br\/paradario\/diversidade-e-representatividade-marcam-a-selecao-de-djs-para-a-30a-parada-do-orgulho-lgbti-rio\/#breadcrumb\"},\"inLanguage\":\"pt-BR\",\"potentialAction\":[{\"@type\":\"ReadAction\",\"target\":[\"https:\/\/arco-iris.org.br\/paradario\/diversidade-e-representatividade-marcam-a-selecao-de-djs-para-a-30a-parada-do-orgulho-lgbti-rio\/\"]}]},{\"@type\":\"ImageObject\",\"inLanguage\":\"pt-BR\",\"@id\":\"https:\/\/arco-iris.org.br\/paradario\/diversidade-e-representatividade-marcam-a-selecao-de-djs-para-a-30a-parada-do-orgulho-lgbti-rio\/#primaryimage\",\"url\":\"https:\/\/arco-iris.org.br\/paradario\/wp-content\/uploads\/2025\/11\/27a-Parada-do-Orgulho-LGBT-Rio-2022_foto-Lorena-Zschaber-2-1-scaled.jpg\",\"contentUrl\":\"https:\/\/arco-iris.org.br\/paradario\/wp-content\/uploads\/2025\/11\/27a-Parada-do-Orgulho-LGBT-Rio-2022_foto-Lorena-Zschaber-2-1-scaled.jpg\",\"width\":2560,\"height\":1260},{\"@type\":\"BreadcrumbList\",\"@id\":\"https:\/\/arco-iris.org.br\/paradario\/diversidade-e-representatividade-marcam-a-selecao-de-djs-para-a-30a-parada-do-orgulho-lgbti-rio\/#breadcrumb\",\"itemListElement\":[{\"@type\":\"ListItem\",\"position\":1,\"name\":\"In\u00edcio\",\"item\":\"https:\/\/arco-iris.org.br\/paradario\/\"},{\"@type\":\"ListItem\",\"position\":2,\"name\":\"Diversidade e representatividade marcam a sele\u00e7\u00e3o de DJs para a 30\u00aa Parada do Orgulho LGBTI+ Rio\"}]},{\"@type\":\"WebSite\",\"@id\":\"https:\/\/arco-iris.org.br\/paradario\/#website\",\"url\":\"https:\/\/arco-iris.org.br\/paradario\/\",\"name\":\"Parada do Orgulho LBTI+ Rio\",\"description\":\"\",\"publisher\":{\"@id\":\"https:\/\/arco-iris.org.br\/paradario\/#organization\"},\"potentialAction\":[{\"@type\":\"SearchAction\",\"target\":{\"@type\":\"EntryPoint\",\"urlTemplate\":\"https:\/\/arco-iris.org.br\/paradario\/?s={search_term_string}\"},\"query-input\":{\"@type\":\"PropertyValueSpecification\",\"valueRequired\":true,\"valueName\":\"search_term_string\"}}],\"inLanguage\":\"pt-BR\"},{\"@type\":\"Organization\",\"@id\":\"https:\/\/arco-iris.org.br\/paradario\/#organization\",\"name\":\"Parada do Orgulho LBTI+ Rio\",\"url\":\"https:\/\/arco-iris.org.br\/paradario\/\",\"logo\":{\"@type\":\"ImageObject\",\"inLanguage\":\"pt-BR\",\"@id\":\"https:\/\/arco-iris.org.br\/paradario\/#\/schema\/logo\/image\/\",\"url\":\"https:\/\/arco-iris.org.br\/paradario\/wp-content\/uploads\/2024\/11\/Imagem-do-WhatsApp-de-2024-11-04-as-09.16.02_d50c7f73.jpg\",\"contentUrl\":\"https:\/\/arco-iris.org.br\/paradario\/wp-content\/uploads\/2024\/11\/Imagem-do-WhatsApp-de-2024-11-04-as-09.16.02_d50c7f73.jpg\",\"width\":1200,\"height\":1500,\"caption\":\"Parada do Orgulho LBTI+ Rio\"},\"image\":{\"@id\":\"https:\/\/arco-iris.org.br\/paradario\/#\/schema\/logo\/image\/\"},\"sameAs\":[\"https:\/\/www.facebook.com\/grupoarcoiris.perfilii\/\",\"https:\/\/www.instagram.com\/paradalgbtirio\"]},{\"@type\":\"Person\",\"@id\":\"https:\/\/arco-iris.org.br\/paradario\/#\/schema\/person\/9fe3352eb9b27c51df2f611e3c2aa73c\",\"name\":\"Jerson pita\",\"image\":{\"@type\":\"ImageObject\",\"inLanguage\":\"pt-BR\",\"@id\":\"https:\/\/arco-iris.org.br\/paradario\/#\/schema\/person\/image\/\",\"url\":\"https:\/\/secure.gravatar.com\/avatar\/b6dc077e3bc7cfe2445e6a3b241d737fa4654950b9508061b1e8cd3fadc1297f?s=96&d=mm&r=g\",\"contentUrl\":\"https:\/\/secure.gravatar.com\/avatar\/b6dc077e3bc7cfe2445e6a3b241d737fa4654950b9508061b1e8cd3fadc1297f?s=96&d=mm&r=g\",\"caption\":\"Jerson pita\"},\"url\":\"https:\/\/arco-iris.org.br\/paradario\/author\/jerson_pita\/\"}]}<\/script>\n<!-- \/ Yoast SEO plugin. -->","yoast_head_json":{"title":"Diversidade e representatividade marcam a sele\u00e7\u00e3o de DJs para a 30\u00aa Parada do Orgulho LGBTI+ Rio - Parada do Orgulho LGBTI+","description":"O Grupo Arco-\u00cdris anunciou os 35 DJs que comandar\u00e3o a trilha sonora da 30\u00aa Parada do Orgulho LGBTI+ Rio, em 23 de novembro. A sele\u00e7\u00e3o foi feita a partir de mais de 100 inscri\u00e7\u00f5es e reflete o compromisso hist\u00f3rico do evento com a representatividade: 57,1% dos artistas selecionados s\u00e3o negros ou ind\u00edgenas e 45,7% s\u00e3o do espectro feminino, incluindo uma forte presen\u00e7a de mulheres cis e trans. A organiza\u00e7\u00e3o agradeceu a todos os inscritos e convidou a comunidade para celebrar as tr\u00eas d\u00e9cadas de hist\u00f3ria da Parada em Copacabana.","robots":{"index":"index","follow":"follow","max-snippet":"max-snippet:-1","max-image-preview":"max-image-preview:large","max-video-preview":"max-video-preview:-1"},"canonical":"https:\/\/arco-iris.org.br\/paradario\/diversidade-e-representatividade-marcam-a-selecao-de-djs-para-a-30a-parada-do-orgulho-lgbti-rio\/","og_locale":"pt_BR","og_type":"article","og_title":"Diversidade e representatividade marcam a sele\u00e7\u00e3o de DJs para a 30\u00aa Parada do Orgulho LGBTI+ Rio - Parada do Orgulho LGBTI+","og_description":"O Grupo Arco-\u00cdris anunciou os 35 DJs que comandar\u00e3o a trilha sonora da 30\u00aa Parada do Orgulho LGBTI+ Rio, em 23 de novembro. A sele\u00e7\u00e3o foi feita a partir de mais de 100 inscri\u00e7\u00f5es e reflete o compromisso hist\u00f3rico do evento com a representatividade: 57,1% dos artistas selecionados s\u00e3o negros ou ind\u00edgenas e 45,7% s\u00e3o do espectro feminino, incluindo uma forte presen\u00e7a de mulheres cis e trans. A organiza\u00e7\u00e3o agradeceu a todos os inscritos e convidou a comunidade para celebrar as tr\u00eas d\u00e9cadas de hist\u00f3ria da Parada em Copacabana.","og_url":"https:\/\/arco-iris.org.br\/paradario\/diversidade-e-representatividade-marcam-a-selecao-de-djs-para-a-30a-parada-do-orgulho-lgbti-rio\/","og_site_name":"Parada do Orgulho LGBTI+","article_publisher":"https:\/\/www.facebook.com\/grupoarcoiris.perfilii\/","article_published_time":"2025-11-15T20:47:24+00:00","article_modified_time":"2025-11-15T20:56:30+00:00","og_image":[{"width":2560,"height":1260,"url":"https:\/\/arco-iris.org.br\/paradario\/wp-content\/uploads\/2025\/11\/27a-Parada-do-Orgulho-LGBT-Rio-2022_foto-Lorena-Zschaber-2-1-scaled.jpg","type":"image\/jpeg"}],"author":"Jerson pita","twitter_card":"summary_large_image","twitter_misc":{"Escrito por":"Jerson pita","Est. tempo de leitura":"4 minutos"},"schema":{"@context":"https:\/\/schema.org","@graph":[{"@type":"Article","@id":"https:\/\/arco-iris.org.br\/paradario\/diversidade-e-representatividade-marcam-a-selecao-de-djs-para-a-30a-parada-do-orgulho-lgbti-rio\/#article","isPartOf":{"@id":"https:\/\/arco-iris.org.br\/paradario\/diversidade-e-representatividade-marcam-a-selecao-de-djs-para-a-30a-parada-do-orgulho-lgbti-rio\/"},"author":{"name":"Jerson pita","@id":"https:\/\/arco-iris.org.br\/paradario\/#\/schema\/person\/9fe3352eb9b27c51df2f611e3c2aa73c"},"headline":"Diversidade e representatividade marcam a sele\u00e7\u00e3o de DJs para a 30\u00aa Parada do Orgulho LGBTI+ Rio","datePublished":"2025-11-15T20:47:24+00:00","dateModified":"2025-11-15T20:56:30+00:00","mainEntityOfPage":{"@id":"https:\/\/arco-iris.org.br\/paradario\/diversidade-e-representatividade-marcam-a-selecao-de-djs-para-a-30a-parada-do-orgulho-lgbti-rio\/"},"wordCount":681,"commentCount":0,"publisher":{"@id":"https:\/\/arco-iris.org.br\/paradario\/#organization"},"image":{"@id":"https:\/\/arco-iris.org.br\/paradario\/diversidade-e-representatividade-marcam-a-selecao-de-djs-para-a-30a-parada-do-orgulho-lgbti-rio\/#primaryimage"},"thumbnailUrl":"https:\/\/arco-iris.org.br\/paradario\/wp-content\/uploads\/2025\/11\/27a-Parada-do-Orgulho-LGBT-Rio-2022_foto-Lorena-Zschaber-2-1-scaled.jpg","keywords":["lgbt","pride"],"inLanguage":"pt-BR","potentialAction":[{"@type":"CommentAction","name":"Comment","target":["https:\/\/arco-iris.org.br\/paradario\/diversidade-e-representatividade-marcam-a-selecao-de-djs-para-a-30a-parada-do-orgulho-lgbti-rio\/#respond"]}]},{"@type":"WebPage","@id":"https:\/\/arco-iris.org.br\/paradario\/diversidade-e-representatividade-marcam-a-selecao-de-djs-para-a-30a-parada-do-orgulho-lgbti-rio\/","url":"https:\/\/arco-iris.org.br\/paradario\/diversidade-e-representatividade-marcam-a-selecao-de-djs-para-a-30a-parada-do-orgulho-lgbti-rio\/","name":"Diversidade e representatividade marcam a sele\u00e7\u00e3o de DJs para a 30\u00aa Parada do Orgulho LGBTI+ Rio - Parada do Orgulho LGBTI+","isPartOf":{"@id":"https:\/\/arco-iris.org.br\/paradario\/#website"},"primaryImageOfPage":{"@id":"https:\/\/arco-iris.org.br\/paradario\/diversidade-e-representatividade-marcam-a-selecao-de-djs-para-a-30a-parada-do-orgulho-lgbti-rio\/#primaryimage"},"image":{"@id":"https:\/\/arco-iris.org.br\/paradario\/diversidade-e-representatividade-marcam-a-selecao-de-djs-para-a-30a-parada-do-orgulho-lgbti-rio\/#primaryimage"},"thumbnailUrl":"https:\/\/arco-iris.org.br\/paradario\/wp-content\/uploads\/2025\/11\/27a-Parada-do-Orgulho-LGBT-Rio-2022_foto-Lorena-Zschaber-2-1-scaled.jpg","datePublished":"2025-11-15T20:47:24+00:00","dateModified":"2025-11-15T20:56:30+00:00","description":"O Grupo Arco-\u00cdris anunciou os 35 DJs que comandar\u00e3o a trilha sonora da 30\u00aa Parada do Orgulho LGBTI+ Rio, em 23 de novembro. A sele\u00e7\u00e3o foi feita a partir de mais de 100 inscri\u00e7\u00f5es e reflete o compromisso hist\u00f3rico do evento com a representatividade: 57,1% dos artistas selecionados s\u00e3o negros ou ind\u00edgenas e 45,7% s\u00e3o do espectro feminino, incluindo uma forte presen\u00e7a de mulheres cis e trans. A organiza\u00e7\u00e3o agradeceu a todos os inscritos e convidou a comunidade para celebrar as tr\u00eas d\u00e9cadas de hist\u00f3ria da Parada em Copacabana.","breadcrumb":{"@id":"https:\/\/arco-iris.org.br\/paradario\/diversidade-e-representatividade-marcam-a-selecao-de-djs-para-a-30a-parada-do-orgulho-lgbti-rio\/#breadcrumb"},"inLanguage":"pt-BR","potentialAction":[{"@type":"ReadAction","target":["https:\/\/arco-iris.org.br\/paradario\/diversidade-e-representatividade-marcam-a-selecao-de-djs-para-a-30a-parada-do-orgulho-lgbti-rio\/"]}]},{"@type":"ImageObject","inLanguage":"pt-BR","@id":"https:\/\/arco-iris.org.br\/paradario\/diversidade-e-representatividade-marcam-a-selecao-de-djs-para-a-30a-parada-do-orgulho-lgbti-rio\/#primaryimage","url":"https:\/\/arco-iris.org.br\/paradario\/wp-content\/uploads\/2025\/11\/27a-Parada-do-Orgulho-LGBT-Rio-2022_foto-Lorena-Zschaber-2-1-scaled.jpg","contentUrl":"https:\/\/arco-iris.org.br\/paradario\/wp-content\/uploads\/2025\/11\/27a-Parada-do-Orgulho-LGBT-Rio-2022_foto-Lorena-Zschaber-2-1-scaled.jpg","width":2560,"height":1260},{"@type":"BreadcrumbList","@id":"https:\/\/arco-iris.org.br\/paradario\/diversidade-e-representatividade-marcam-a-selecao-de-djs-para-a-30a-parada-do-orgulho-lgbti-rio\/#breadcrumb","itemListElement":[{"@type":"ListItem","position":1,"name":"In\u00edcio","item":"https:\/\/arco-iris.org.br\/paradario\/"},{"@type":"ListItem","position":2,"name":"Diversidade e representatividade marcam a sele\u00e7\u00e3o de DJs para a 30\u00aa Parada do Orgulho LGBTI+ Rio"}]},{"@type":"WebSite","@id":"https:\/\/arco-iris.org.br\/paradario\/#website","url":"https:\/\/arco-iris.org.br\/paradario\/","name":"Parada do Orgulho LBTI+ Rio","description":"","publisher":{"@id":"https:\/\/arco-iris.org.br\/paradario\/#organization"},"potentialAction":[{"@type":"SearchAction","target":{"@type":"EntryPoint","urlTemplate":"https:\/\/arco-iris.org.br\/paradario\/?s={search_term_string}"},"query-input":{"@type":"PropertyValueSpecification","valueRequired":true,"valueName":"search_term_string"}}],"inLanguage":"pt-BR"},{"@type":"Organization","@id":"https:\/\/arco-iris.org.br\/paradario\/#organization","name":"Parada do Orgulho LBTI+ Rio","url":"https:\/\/arco-iris.org.br\/paradario\/","logo":{"@type":"ImageObject","inLanguage":"pt-BR","@id":"https:\/\/arco-iris.org.br\/paradario\/#\/schema\/logo\/image\/","url":"https:\/\/arco-iris.org.br\/paradario\/wp-content\/uploads\/2024\/11\/Imagem-do-WhatsApp-de-2024-11-04-as-09.16.02_d50c7f73.jpg","contentUrl":"https:\/\/arco-iris.org.br\/paradario\/wp-content\/uploads\/2024\/11\/Imagem-do-WhatsApp-de-2024-11-04-as-09.16.02_d50c7f73.jpg","width":1200,"height":1500,"caption":"Parada do Orgulho LBTI+ Rio"},"image":{"@id":"https:\/\/arco-iris.org.br\/paradario\/#\/schema\/logo\/image\/"},"sameAs":["https:\/\/www.facebook.com\/grupoarcoiris.perfilii\/","https:\/\/www.instagram.com\/paradalgbtirio"]},{"@type":"Person","@id":"https:\/\/arco-iris.org.br\/paradario\/#\/schema\/person\/9fe3352eb9b27c51df2f611e3c2aa73c","name":"Jerson pita","image":{"@type":"ImageObject","inLanguage":"pt-BR","@id":"https:\/\/arco-iris.org.br\/paradario\/#\/schema\/person\/image\/","url":"https:\/\/secure.gravatar.com\/avatar\/b6dc077e3bc7cfe2445e6a3b241d737fa4654950b9508061b1e8cd3fadc1297f?s=96&d=mm&r=g","contentUrl":"https:\/\/secure.gravatar.com\/avatar\/b6dc077e3bc7cfe2445e6a3b241d737fa4654950b9508061b1e8cd3fadc1297f?s=96&d=mm&r=g","caption":"Jerson pita"},"url":"https:\/\/arco-iris.org.br\/paradario\/author\/jerson_pita\/"}]}},"_links":{"self":[{"href":"https:\/\/arco-iris.org.br\/paradario\/wp-json\/wp\/v2\/posts\/2772","targetHints":{"allow":["GET"]}}],"collection":[{"href":"https:\/\/arco-iris.org.br\/paradario\/wp-json\/wp\/v2\/posts"}],"about":[{"href":"https:\/\/arco-iris.org.br\/paradario\/wp-json\/wp\/v2\/types\/post"}],"author":[{"embeddable":true,"href":"https:\/\/arco-iris.org.br\/paradario\/wp-json\/wp\/v2\/users\/3"}],"replies":[{"embeddable":true,"href":"https:\/\/arco-iris.org.br\/paradario\/wp-json\/wp\/v2\/comments?post=2772"}],"version-history":[{"count":4,"href":"https:\/\/arco-iris.org.br\/paradario\/wp-json\/wp\/v2\/posts\/2772\/revisions"}],"predecessor-version":[{"id":2780,"href":"https:\/\/arco-iris.org.br\/paradario\/wp-json\/wp\/v2\/posts\/2772\/revisions\/2780"}],"wp:featuredmedia":[{"embeddable":true,"href":"https:\/\/arco-iris.org.br\/paradario\/wp-json\/wp\/v2\/media\/2775"}],"wp:attachment":[{"href":"https:\/\/arco-iris.org.br\/paradario\/wp-json\/wp\/v2\/media?parent=2772"}],"wp:term":[{"taxonomy":"category","embeddable":true,"href":"https:\/\/arco-iris.org.br\/paradario\/wp-json\/wp\/v2\/categories?post=2772"},{"taxonomy":"post_tag","embeddable":true,"href":"https:\/\/arco-iris.org.br\/paradario\/wp-json\/wp\/v2\/tags?post=2772"}],"curies":[{"name":"wp","href":"https:\/\/api.w.org\/{rel}","templated":true}]}}