{"id":2866,"date":"2025-11-20T21:55:35","date_gmt":"2025-11-21T00:55:35","guid":{"rendered":"https:\/\/arco-iris.org.br\/paradario\/?p=2866"},"modified":"2025-11-20T21:55:38","modified_gmt":"2025-11-21T00:55:38","slug":"guia-de-prevencao-combinada-ao-hiv-aids-e-ists-informacao-cuidado-e-direitos-na-30a-parada-do-orgulho-lgbti-rio","status":"publish","type":"post","link":"https:\/\/arco-iris.org.br\/paradario\/guia-de-prevencao-combinada-ao-hiv-aids-e-ists-informacao-cuidado-e-direitos-na-30a-parada-do-orgulho-lgbti-rio\/","title":{"rendered":"Guia de Preven\u00e7\u00e3o Combinada ao HIV\/Aids e ISTs: informa\u00e7\u00e3o, cuidado e direitos na 30\u00aa Parada do Orgulho LGBTI+ Rio"},"content":{"rendered":"\n<p>\u00c0s v\u00e9speras da 30\u00aa Parada do Orgulho LGBTI+ Rio, o Grupo Arco-\u00cdris refor\u00e7a um compromisso presente em toda a sua hist\u00f3ria: promover sa\u00fade, cidadania e informa\u00e7\u00e3o para a comunidade. Em um momento em que o Brasil avan\u00e7a na pol\u00edtica de preven\u00e7\u00e3o combinada, conhecer as ferramentas dispon\u00edveis \u00e9 fundamental para viver a liberdade com seguran\u00e7a e autonomia.<\/p>\n\n\n\n<p>Este guia re\u00fane orienta\u00e7\u00f5es atuais sobre HIV\/Aids, ISTs e direitos de pessoas LGBTI+, colocando no centro aquilo que sustenta o orgulho: <strong>cuidado, liberdade e dignidade<\/strong>.<\/p>\n\n\n\n<h2 class=\"wp-block-heading\"><strong>HIV n\u00e3o \u00e9 Aids \u2014 e essa diferen\u00e7a importa para combater o estigma<\/strong><\/h2>\n\n\n\n<p>Ainda hoje, muita gente confunde os termos. O guia esclarece:<\/p>\n\n\n\n<ul class=\"wp-block-list\">\n<li><strong>HIV<\/strong> \u00e9 o v\u00edrus.<br><\/li>\n\n\n\n<li><strong>Aids<\/strong> \u00e9 a fase avan\u00e7ada da infec\u00e7\u00e3o, quando falta tratamento adequado.<\/li>\n<\/ul>\n\n\n\n<p>Com os medicamentos antirretrovirais fornecidos pelo SUS, pessoas vivendo com HIV mant\u00eam o v\u00edrus controlado, preservam sua sa\u00fade e t\u00eam expectativa de vida semelhante \u00e0 de qualquer pessoa.<\/p>\n\n\n\n<p>\u00c9 a informa\u00e7\u00e3o \u2014 n\u00e3o o medo \u2014 que salva vidas.<\/p>\n\n\n\n<h2 class=\"wp-block-heading\"><strong>Preven\u00e7\u00e3o combinada: diferentes caminhos para uma prote\u00e7\u00e3o completa<\/strong><\/h2>\n\n\n\n<p>A principal pol\u00edtica de preven\u00e7\u00e3o do pa\u00eds \u00e9 um conjunto integrado de estrat\u00e9gias biom\u00e9dicas, comportamentais e sociais. Cada pessoa pode escolher o que funciona melhor para seu momento de vida.<\/p>\n\n\n\n<h3 class=\"wp-block-heading\"><strong>Preservativos e lubrificantes<\/strong><\/h3>\n\n\n\n<p>Distribu\u00eddos gratuitamente pelo SUS, seguem sendo fundamentais contra o HIV e outras ISTs.<\/p>\n\n\n\n<h3 class=\"wp-block-heading\"><strong>PrEP \u2013 Profilaxia Pr\u00e9-Exposi\u00e7\u00e3o<\/strong><\/h3>\n\n\n\n<p>A PrEP \u00e9 um comprimido tomado antes da rela\u00e7\u00e3o sexual, que impede a infec\u00e7\u00e3o pelo HIV.<\/p>\n\n\n\n<p>\u2022 <strong>PrEP di\u00e1ria<\/strong> \u2013 1 comprimido por dia.<br>\u2022 <strong>PrEP sob demanda (2+1+1)<\/strong> \u2013 indicada apenas para homens cis e pessoas designadas homens ao nascer que n\u00e3o utilizam estradiol.<\/p>\n\n\n\n<p>A PrEP est\u00e1 dispon\u00edvel em mais de 1.200 unidades do SUS.<\/p>\n\n\n\n<h3 class=\"wp-block-heading\"><strong>PEP \u2013 Profilaxia P\u00f3s-Exposi\u00e7\u00e3o<\/strong><\/h3>\n\n\n\n<p>\u00c9 uma medida de urg\u00eancia: deve ser iniciada em at\u00e9 72 horas (de prefer\u00eancia nas primeiras 2). O tratamento dura 28 dias completos.<\/p>\n\n\n\n<p>Procure UPAs, emerg\u00eancias hospitalares ou servi\u00e7os especializados.<\/p>\n\n\n\n<h3 class=\"wp-block-heading\"><strong>I=I \u2013 Indetect\u00e1vel = Intransmiss\u00edvel<\/strong><\/h3>\n\n\n\n<p>Um dos avan\u00e7os mais transformadores da sa\u00fade p\u00fablica: <strong>pessoas vivendo com HIV, em tratamento e com carga viral indetect\u00e1vel por pelo menos seis meses, n\u00e3o transmitem o v\u00edrus sexualmente.<\/strong><\/p>\n\n\n\n<p>Esse dado \u00e9 cient\u00edfico \u2014 e derruba s\u00e9culos de estigma.<\/p>\n\n\n\n<h2 class=\"wp-block-heading\"><strong>Testagem: autonomia e cuidado cont\u00ednuo<\/strong><\/h2>\n\n\n\n<p>O SUS oferece teste r\u00e1pido, gratuito e sigiloso.<br>A recomenda\u00e7\u00e3o \u00e9 testar para HIV, s\u00edfilis, hepatites e outras ISTs pelo menos a cada seis meses, especialmente para quem tem vida sexual ativa.<\/p>\n\n\n\n<p>Testar \u00e9 cuidar de si e das pessoas com quem voc\u00ea se relaciona.<\/p>\n\n\n\n<h2 class=\"wp-block-heading\"><strong>ISTs: tratar \u00e9 prevenir<\/strong><\/h2>\n\n\n\n<p>Algumas ISTs aumentam muito o risco de transmiss\u00e3o do HIV. Por isso, <strong>o tratamento imediato \u00e9 tamb\u00e9m uma forma de preven\u00e7\u00e3o<\/strong>.<\/p>\n\n\n\n<p>Principais ISTs e formas de preven\u00e7\u00e3o\/tratamento:<\/p>\n\n\n\n<ul class=\"wp-block-list\">\n<li><strong>S\u00edfilis<\/strong> \u2013 tratada com Penicilina Benzatina no SUS<br><\/li>\n\n\n\n<li><strong>Gonorreia<\/strong> \u2013 tratada com Ceftriaxona<br><\/li>\n\n\n\n<li><strong>Clam\u00eddia<\/strong> \u2013 tratada com Azitromicina ou Doxiciclina<br><\/li>\n\n\n\n<li><strong>HPV<\/strong> \u2013 preven\u00edvel com vacina<br><\/li>\n\n\n\n<li><strong>Hepatites virais<\/strong> \u2013 preven\u00e7\u00e3o por vacina e testagem<\/li>\n<\/ul>\n\n\n\n<p>Vacinas para Hepatite B e HPV est\u00e3o dispon\u00edveis gratuitamente..<\/p>\n\n\n\n<h2 class=\"wp-block-heading\"><strong>Biosseguran\u00e7a em sal\u00f5es, tatuagem e body art<\/strong><\/h2>\n\n\n\n<p>A transmiss\u00e3o de HIV e hepatites tamb\u00e9m pode ocorrer em ambientes est\u00e9ticos quando n\u00e3o h\u00e1 esteriliza\u00e7\u00e3o adequada.&nbsp;<\/p>\n\n\n\n<ul class=\"wp-block-list\">\n<li>materiais como lixas, palitos, l\u00e2minas e agulhas devem ser sempre descart\u00e1veis;<br><\/li>\n\n\n\n<li>autoclave \u00e9 o equipamento correto para esteriliza\u00e7\u00e3o;<br><\/li>\n\n\n\n<li>estufas (\u201cforninhos\u201d) n\u00e3o s\u00e3o mais consideradas seguras;<br><\/li>\n\n\n\n<li>o uso de formol em procedimentos capilares \u00e9 proibido.<\/li>\n<\/ul>\n\n\n\n<p>Perguntar sobre biosseguran\u00e7a \u00e9 um ato de autocuidado e de cidadania.<\/p>\n\n\n\n<h2 class=\"wp-block-heading\"><strong>Direitos de pessoas vivendo com HIV: prote\u00e7\u00e3o garantida por lei<\/strong><\/h2>\n\n\n\n<p>A legisla\u00e7\u00e3o brasileira assegura prote\u00e7\u00e3o contra viola\u00e7\u00f5es de privacidade e discrimina\u00e7\u00e3o:<\/p>\n\n\n\n<h3 class=\"wp-block-heading\"><strong>Sigilo obrigat\u00f3rio<\/strong><\/h3>\n\n\n\n<p>A Lei Renato da Mata (14.289\/2022) pro\u00edbe que escolas, empresas ou servi\u00e7os de sa\u00fade divulguem a condi\u00e7\u00e3o sorol\u00f3gica de qualquer pessoa.<\/p>\n\n\n\n<h3 class=\"wp-block-heading\"><strong>Direito ao saque do FGTS<\/strong><\/h3>\n\n\n\n<p>Pessoas com HIV ou com dependentes vivendo com HIV podem sacar o FGTS a qualquer momento.<\/p>\n\n\n\n<h3 class=\"wp-block-heading\"><strong>Isen\u00e7\u00e3o de imposto de renda<\/strong><\/h3>\n\n\n\n<p>Aposentadorias e pens\u00f5es de pessoas vivendo com HIV t\u00eam isen\u00e7\u00e3o de IR.<\/p>\n\n\n\n<h3 class=\"wp-block-heading\"><strong>Acesso integral \u00e0 sa\u00fade<\/strong><\/h3>\n\n\n\n<p>Todo o tratamento \u00e9 garantido pelo SUS.<\/p>\n\n\n\n<p>Direitos existem para assegurar dignidade \u2014 e dignidade \u00e9 parte da sa\u00fade.<\/p>\n\n\n\n<h2 class=\"wp-block-heading\"><strong>Preven\u00e7\u00e3o da transmiss\u00e3o vertical na gesta\u00e7\u00e3o<\/strong><\/h2>\n\n\n\n<p>Com pr\u00e9-natal adequado e in\u00edcio imediato do tratamento, a transmiss\u00e3o do HIV da gestante para o beb\u00ea pode ser reduzida a quase zero.<br>O SUS fornece f\u00f3rmula infantil para substituir o aleitamento materno quando necess\u00e1rio.<\/p>\n\n\n\n<h2 class=\"wp-block-heading\"><strong>Orgulho tamb\u00e9m \u00e9 autocuidado<\/strong><\/h2>\n\n\n\n<p>Ao reunir informa\u00e7\u00f5es claras sobre PrEP, PEP, ISTs, direitos e sa\u00fade integral, o guia refor\u00e7a que viver o orgulho plenamente \u00e9 tamb\u00e9m fazer escolhas seguras \u2014 e ter ferramentas para isso.<\/p>\n\n\n\n<p>A mensagem que atravessa a Parada e este servi\u00e7o de utilidade p\u00fablica \u00e9 simples e poderosa:<\/p>\n\n\n\n<p><strong>Informa\u00e7\u00e3o \u00e9 cuidado.<\/strong><strong><br><\/strong><strong>Cuidado \u00e9 liberdade.<\/strong><strong><br><\/strong><strong>Liberdade \u00e9 orgulho.<\/strong><\/p>\n","protected":false},"excerpt":{"rendered":"<p>\u00c0s v\u00e9speras da 30\u00aa Parada do Orgulho LGBTI+ Rio, o Grupo Arco-\u00cdris refor\u00e7a um compromisso presente em toda a sua hist\u00f3ria: promover sa\u00fade, cidadania e informa\u00e7\u00e3o para a comunidade. Em um momento em que o Brasil avan\u00e7a na pol\u00edtica de preven\u00e7\u00e3o combinada, conhecer as ferramentas dispon\u00edveis \u00e9 fundamental para viver a liberdade com seguran\u00e7a e [&hellip;]<\/p>\n","protected":false},"author":3,"featured_media":2656,"comment_status":"open","ping_status":"open","sticky":false,"template":"","format":"standard","meta":{"footnotes":""},"categories":[1],"tags":[16,15,14],"class_list":["post-2866","post","type-post","status-publish","format-standard","has-post-thumbnail","hentry","category-sem-categoria","tag-gay","tag-lgbt","tag-pride"],"yoast_head":"<!-- This site is optimized with the Yoast SEO plugin v26.2 - https:\/\/yoast.com\/wordpress\/plugins\/seo\/ -->\n<title>Guia de Preven\u00e7\u00e3o Combinada ao HIV\/Aids e ISTs: informa\u00e7\u00e3o, cuidado e direitos na 30\u00aa Parada do Orgulho LGBTI+ Rio - Parada do Orgulho LGBTI+<\/title>\n<meta name=\"description\" content=\"Preven\u00e7\u00e3o ao HIV\/Aids na Parada LGBTI+ Rio: PrEP, PEP, ISTs, testagem, direitos e autocuidado em um servi\u00e7o de sa\u00fade e cidadania para toda a comunidade.\" \/>\n<meta name=\"robots\" content=\"index, follow, max-snippet:-1, max-image-preview:large, max-video-preview:-1\" \/>\n<link rel=\"canonical\" href=\"https:\/\/arco-iris.org.br\/paradario\/guia-de-prevencao-combinada-ao-hiv-aids-e-ists-informacao-cuidado-e-direitos-na-30a-parada-do-orgulho-lgbti-rio\/\" \/>\n<meta property=\"og:locale\" content=\"pt_BR\" \/>\n<meta property=\"og:type\" content=\"article\" \/>\n<meta property=\"og:title\" content=\"Guia de Preven\u00e7\u00e3o Combinada ao HIV\/Aids e ISTs: informa\u00e7\u00e3o, cuidado e direitos na 30\u00aa Parada do Orgulho LGBTI+ Rio - Parada do Orgulho LGBTI+\" \/>\n<meta property=\"og:description\" content=\"Preven\u00e7\u00e3o ao HIV\/Aids na Parada LGBTI+ Rio: PrEP, PEP, ISTs, testagem, direitos e autocuidado em um servi\u00e7o de sa\u00fade e cidadania para toda a comunidade.\" \/>\n<meta property=\"og:url\" content=\"https:\/\/arco-iris.org.br\/paradario\/guia-de-prevencao-combinada-ao-hiv-aids-e-ists-informacao-cuidado-e-direitos-na-30a-parada-do-orgulho-lgbti-rio\/\" \/>\n<meta property=\"og:site_name\" content=\"Parada do Orgulho LGBTI+\" \/>\n<meta property=\"article:publisher\" content=\"https:\/\/www.facebook.com\/grupoarcoiris.perfilii\/\" \/>\n<meta property=\"article:published_time\" content=\"2025-11-21T00:55:35+00:00\" \/>\n<meta property=\"article:modified_time\" content=\"2025-11-21T00:55:38+00:00\" \/>\n<meta property=\"og:image\" content=\"https:\/\/arco-iris.org.br\/paradario\/wp-content\/uploads\/2025\/11\/IMG_5260-1.jpg\" \/>\n\t<meta property=\"og:image:width\" content=\"600\" \/>\n\t<meta property=\"og:image:height\" content=\"450\" \/>\n\t<meta property=\"og:image:type\" content=\"image\/jpeg\" \/>\n<meta name=\"author\" content=\"Jerson pita\" \/>\n<meta name=\"twitter:card\" content=\"summary_large_image\" \/>\n<meta name=\"twitter:label1\" content=\"Escrito por\" \/>\n\t<meta name=\"twitter:data1\" content=\"Jerson pita\" \/>\n\t<meta name=\"twitter:label2\" content=\"Est. tempo de leitura\" \/>\n\t<meta name=\"twitter:data2\" content=\"5 minutos\" \/>\n<script type=\"application\/ld+json\" class=\"yoast-schema-graph\">{\"@context\":\"https:\/\/schema.org\",\"@graph\":[{\"@type\":\"Article\",\"@id\":\"https:\/\/arco-iris.org.br\/paradario\/guia-de-prevencao-combinada-ao-hiv-aids-e-ists-informacao-cuidado-e-direitos-na-30a-parada-do-orgulho-lgbti-rio\/#article\",\"isPartOf\":{\"@id\":\"https:\/\/arco-iris.org.br\/paradario\/guia-de-prevencao-combinada-ao-hiv-aids-e-ists-informacao-cuidado-e-direitos-na-30a-parada-do-orgulho-lgbti-rio\/\"},\"author\":{\"name\":\"Jerson pita\",\"@id\":\"https:\/\/arco-iris.org.br\/paradario\/#\/schema\/person\/9fe3352eb9b27c51df2f611e3c2aa73c\"},\"headline\":\"Guia de Preven\u00e7\u00e3o Combinada ao HIV\/Aids e ISTs: informa\u00e7\u00e3o, cuidado e direitos na 30\u00aa Parada do Orgulho LGBTI+ Rio\",\"datePublished\":\"2025-11-21T00:55:35+00:00\",\"dateModified\":\"2025-11-21T00:55:38+00:00\",\"mainEntityOfPage\":{\"@id\":\"https:\/\/arco-iris.org.br\/paradario\/guia-de-prevencao-combinada-ao-hiv-aids-e-ists-informacao-cuidado-e-direitos-na-30a-parada-do-orgulho-lgbti-rio\/\"},\"wordCount\":835,\"commentCount\":0,\"publisher\":{\"@id\":\"https:\/\/arco-iris.org.br\/paradario\/#organization\"},\"image\":{\"@id\":\"https:\/\/arco-iris.org.br\/paradario\/guia-de-prevencao-combinada-ao-hiv-aids-e-ists-informacao-cuidado-e-direitos-na-30a-parada-do-orgulho-lgbti-rio\/#primaryimage\"},\"thumbnailUrl\":\"https:\/\/arco-iris.org.br\/paradario\/wp-content\/uploads\/2025\/11\/IMG_5260-1.jpg\",\"keywords\":[\"gay\",\"lgbt\",\"pride\"],\"inLanguage\":\"pt-BR\",\"potentialAction\":[{\"@type\":\"CommentAction\",\"name\":\"Comment\",\"target\":[\"https:\/\/arco-iris.org.br\/paradario\/guia-de-prevencao-combinada-ao-hiv-aids-e-ists-informacao-cuidado-e-direitos-na-30a-parada-do-orgulho-lgbti-rio\/#respond\"]}]},{\"@type\":\"WebPage\",\"@id\":\"https:\/\/arco-iris.org.br\/paradario\/guia-de-prevencao-combinada-ao-hiv-aids-e-ists-informacao-cuidado-e-direitos-na-30a-parada-do-orgulho-lgbti-rio\/\",\"url\":\"https:\/\/arco-iris.org.br\/paradario\/guia-de-prevencao-combinada-ao-hiv-aids-e-ists-informacao-cuidado-e-direitos-na-30a-parada-do-orgulho-lgbti-rio\/\",\"name\":\"Guia de Preven\u00e7\u00e3o Combinada ao HIV\/Aids e ISTs: informa\u00e7\u00e3o, cuidado e direitos na 30\u00aa Parada do Orgulho LGBTI+ Rio - Parada do Orgulho LGBTI+\",\"isPartOf\":{\"@id\":\"https:\/\/arco-iris.org.br\/paradario\/#website\"},\"primaryImageOfPage\":{\"@id\":\"https:\/\/arco-iris.org.br\/paradario\/guia-de-prevencao-combinada-ao-hiv-aids-e-ists-informacao-cuidado-e-direitos-na-30a-parada-do-orgulho-lgbti-rio\/#primaryimage\"},\"image\":{\"@id\":\"https:\/\/arco-iris.org.br\/paradario\/guia-de-prevencao-combinada-ao-hiv-aids-e-ists-informacao-cuidado-e-direitos-na-30a-parada-do-orgulho-lgbti-rio\/#primaryimage\"},\"thumbnailUrl\":\"https:\/\/arco-iris.org.br\/paradario\/wp-content\/uploads\/2025\/11\/IMG_5260-1.jpg\",\"datePublished\":\"2025-11-21T00:55:35+00:00\",\"dateModified\":\"2025-11-21T00:55:38+00:00\",\"description\":\"Preven\u00e7\u00e3o ao HIV\/Aids na Parada LGBTI+ Rio: PrEP, PEP, ISTs, testagem, direitos e autocuidado em um servi\u00e7o de sa\u00fade e cidadania para toda a comunidade.\",\"breadcrumb\":{\"@id\":\"https:\/\/arco-iris.org.br\/paradario\/guia-de-prevencao-combinada-ao-hiv-aids-e-ists-informacao-cuidado-e-direitos-na-30a-parada-do-orgulho-lgbti-rio\/#breadcrumb\"},\"inLanguage\":\"pt-BR\",\"potentialAction\":[{\"@type\":\"ReadAction\",\"target\":[\"https:\/\/arco-iris.org.br\/paradario\/guia-de-prevencao-combinada-ao-hiv-aids-e-ists-informacao-cuidado-e-direitos-na-30a-parada-do-orgulho-lgbti-rio\/\"]}]},{\"@type\":\"ImageObject\",\"inLanguage\":\"pt-BR\",\"@id\":\"https:\/\/arco-iris.org.br\/paradario\/guia-de-prevencao-combinada-ao-hiv-aids-e-ists-informacao-cuidado-e-direitos-na-30a-parada-do-orgulho-lgbti-rio\/#primaryimage\",\"url\":\"https:\/\/arco-iris.org.br\/paradario\/wp-content\/uploads\/2025\/11\/IMG_5260-1.jpg\",\"contentUrl\":\"https:\/\/arco-iris.org.br\/paradario\/wp-content\/uploads\/2025\/11\/IMG_5260-1.jpg\",\"width\":600,\"height\":450},{\"@type\":\"BreadcrumbList\",\"@id\":\"https:\/\/arco-iris.org.br\/paradario\/guia-de-prevencao-combinada-ao-hiv-aids-e-ists-informacao-cuidado-e-direitos-na-30a-parada-do-orgulho-lgbti-rio\/#breadcrumb\",\"itemListElement\":[{\"@type\":\"ListItem\",\"position\":1,\"name\":\"In\u00edcio\",\"item\":\"https:\/\/arco-iris.org.br\/paradario\/\"},{\"@type\":\"ListItem\",\"position\":2,\"name\":\"Guia de Preven\u00e7\u00e3o Combinada ao HIV\/Aids e ISTs: informa\u00e7\u00e3o, cuidado e direitos na 30\u00aa Parada do Orgulho LGBTI+ Rio\"}]},{\"@type\":\"WebSite\",\"@id\":\"https:\/\/arco-iris.org.br\/paradario\/#website\",\"url\":\"https:\/\/arco-iris.org.br\/paradario\/\",\"name\":\"Parada do Orgulho LBTI+ Rio\",\"description\":\"\",\"publisher\":{\"@id\":\"https:\/\/arco-iris.org.br\/paradario\/#organization\"},\"potentialAction\":[{\"@type\":\"SearchAction\",\"target\":{\"@type\":\"EntryPoint\",\"urlTemplate\":\"https:\/\/arco-iris.org.br\/paradario\/?s={search_term_string}\"},\"query-input\":{\"@type\":\"PropertyValueSpecification\",\"valueRequired\":true,\"valueName\":\"search_term_string\"}}],\"inLanguage\":\"pt-BR\"},{\"@type\":\"Organization\",\"@id\":\"https:\/\/arco-iris.org.br\/paradario\/#organization\",\"name\":\"Parada do Orgulho LBTI+ Rio\",\"url\":\"https:\/\/arco-iris.org.br\/paradario\/\",\"logo\":{\"@type\":\"ImageObject\",\"inLanguage\":\"pt-BR\",\"@id\":\"https:\/\/arco-iris.org.br\/paradario\/#\/schema\/logo\/image\/\",\"url\":\"https:\/\/arco-iris.org.br\/paradario\/wp-content\/uploads\/2024\/11\/Imagem-do-WhatsApp-de-2024-11-04-as-09.16.02_d50c7f73.jpg\",\"contentUrl\":\"https:\/\/arco-iris.org.br\/paradario\/wp-content\/uploads\/2024\/11\/Imagem-do-WhatsApp-de-2024-11-04-as-09.16.02_d50c7f73.jpg\",\"width\":1200,\"height\":1500,\"caption\":\"Parada do Orgulho LBTI+ Rio\"},\"image\":{\"@id\":\"https:\/\/arco-iris.org.br\/paradario\/#\/schema\/logo\/image\/\"},\"sameAs\":[\"https:\/\/www.facebook.com\/grupoarcoiris.perfilii\/\",\"https:\/\/www.instagram.com\/paradalgbtirio\"]},{\"@type\":\"Person\",\"@id\":\"https:\/\/arco-iris.org.br\/paradario\/#\/schema\/person\/9fe3352eb9b27c51df2f611e3c2aa73c\",\"name\":\"Jerson pita\",\"image\":{\"@type\":\"ImageObject\",\"inLanguage\":\"pt-BR\",\"@id\":\"https:\/\/arco-iris.org.br\/paradario\/#\/schema\/person\/image\/\",\"url\":\"https:\/\/secure.gravatar.com\/avatar\/b6dc077e3bc7cfe2445e6a3b241d737fa4654950b9508061b1e8cd3fadc1297f?s=96&d=mm&r=g\",\"contentUrl\":\"https:\/\/secure.gravatar.com\/avatar\/b6dc077e3bc7cfe2445e6a3b241d737fa4654950b9508061b1e8cd3fadc1297f?s=96&d=mm&r=g\",\"caption\":\"Jerson pita\"},\"url\":\"https:\/\/arco-iris.org.br\/paradario\/author\/jerson_pita\/\"}]}<\/script>\n<!-- \/ Yoast SEO plugin. -->","yoast_head_json":{"title":"Guia de Preven\u00e7\u00e3o Combinada ao HIV\/Aids e ISTs: informa\u00e7\u00e3o, cuidado e direitos na 30\u00aa Parada do Orgulho LGBTI+ Rio - Parada do Orgulho LGBTI+","description":"Preven\u00e7\u00e3o ao HIV\/Aids na Parada LGBTI+ Rio: PrEP, PEP, ISTs, testagem, direitos e autocuidado em um servi\u00e7o de sa\u00fade e cidadania para toda a comunidade.","robots":{"index":"index","follow":"follow","max-snippet":"max-snippet:-1","max-image-preview":"max-image-preview:large","max-video-preview":"max-video-preview:-1"},"canonical":"https:\/\/arco-iris.org.br\/paradario\/guia-de-prevencao-combinada-ao-hiv-aids-e-ists-informacao-cuidado-e-direitos-na-30a-parada-do-orgulho-lgbti-rio\/","og_locale":"pt_BR","og_type":"article","og_title":"Guia de Preven\u00e7\u00e3o Combinada ao HIV\/Aids e ISTs: informa\u00e7\u00e3o, cuidado e direitos na 30\u00aa Parada do Orgulho LGBTI+ Rio - Parada do Orgulho LGBTI+","og_description":"Preven\u00e7\u00e3o ao HIV\/Aids na Parada LGBTI+ Rio: PrEP, PEP, ISTs, testagem, direitos e autocuidado em um servi\u00e7o de sa\u00fade e cidadania para toda a comunidade.","og_url":"https:\/\/arco-iris.org.br\/paradario\/guia-de-prevencao-combinada-ao-hiv-aids-e-ists-informacao-cuidado-e-direitos-na-30a-parada-do-orgulho-lgbti-rio\/","og_site_name":"Parada do Orgulho LGBTI+","article_publisher":"https:\/\/www.facebook.com\/grupoarcoiris.perfilii\/","article_published_time":"2025-11-21T00:55:35+00:00","article_modified_time":"2025-11-21T00:55:38+00:00","og_image":[{"width":600,"height":450,"url":"https:\/\/arco-iris.org.br\/paradario\/wp-content\/uploads\/2025\/11\/IMG_5260-1.jpg","type":"image\/jpeg"}],"author":"Jerson pita","twitter_card":"summary_large_image","twitter_misc":{"Escrito por":"Jerson pita","Est. tempo de leitura":"5 minutos"},"schema":{"@context":"https:\/\/schema.org","@graph":[{"@type":"Article","@id":"https:\/\/arco-iris.org.br\/paradario\/guia-de-prevencao-combinada-ao-hiv-aids-e-ists-informacao-cuidado-e-direitos-na-30a-parada-do-orgulho-lgbti-rio\/#article","isPartOf":{"@id":"https:\/\/arco-iris.org.br\/paradario\/guia-de-prevencao-combinada-ao-hiv-aids-e-ists-informacao-cuidado-e-direitos-na-30a-parada-do-orgulho-lgbti-rio\/"},"author":{"name":"Jerson pita","@id":"https:\/\/arco-iris.org.br\/paradario\/#\/schema\/person\/9fe3352eb9b27c51df2f611e3c2aa73c"},"headline":"Guia de Preven\u00e7\u00e3o Combinada ao HIV\/Aids e ISTs: informa\u00e7\u00e3o, cuidado e direitos na 30\u00aa Parada do Orgulho LGBTI+ Rio","datePublished":"2025-11-21T00:55:35+00:00","dateModified":"2025-11-21T00:55:38+00:00","mainEntityOfPage":{"@id":"https:\/\/arco-iris.org.br\/paradario\/guia-de-prevencao-combinada-ao-hiv-aids-e-ists-informacao-cuidado-e-direitos-na-30a-parada-do-orgulho-lgbti-rio\/"},"wordCount":835,"commentCount":0,"publisher":{"@id":"https:\/\/arco-iris.org.br\/paradario\/#organization"},"image":{"@id":"https:\/\/arco-iris.org.br\/paradario\/guia-de-prevencao-combinada-ao-hiv-aids-e-ists-informacao-cuidado-e-direitos-na-30a-parada-do-orgulho-lgbti-rio\/#primaryimage"},"thumbnailUrl":"https:\/\/arco-iris.org.br\/paradario\/wp-content\/uploads\/2025\/11\/IMG_5260-1.jpg","keywords":["gay","lgbt","pride"],"inLanguage":"pt-BR","potentialAction":[{"@type":"CommentAction","name":"Comment","target":["https:\/\/arco-iris.org.br\/paradario\/guia-de-prevencao-combinada-ao-hiv-aids-e-ists-informacao-cuidado-e-direitos-na-30a-parada-do-orgulho-lgbti-rio\/#respond"]}]},{"@type":"WebPage","@id":"https:\/\/arco-iris.org.br\/paradario\/guia-de-prevencao-combinada-ao-hiv-aids-e-ists-informacao-cuidado-e-direitos-na-30a-parada-do-orgulho-lgbti-rio\/","url":"https:\/\/arco-iris.org.br\/paradario\/guia-de-prevencao-combinada-ao-hiv-aids-e-ists-informacao-cuidado-e-direitos-na-30a-parada-do-orgulho-lgbti-rio\/","name":"Guia de Preven\u00e7\u00e3o Combinada ao HIV\/Aids e ISTs: informa\u00e7\u00e3o, cuidado e direitos na 30\u00aa Parada do Orgulho LGBTI+ Rio - Parada do Orgulho LGBTI+","isPartOf":{"@id":"https:\/\/arco-iris.org.br\/paradario\/#website"},"primaryImageOfPage":{"@id":"https:\/\/arco-iris.org.br\/paradario\/guia-de-prevencao-combinada-ao-hiv-aids-e-ists-informacao-cuidado-e-direitos-na-30a-parada-do-orgulho-lgbti-rio\/#primaryimage"},"image":{"@id":"https:\/\/arco-iris.org.br\/paradario\/guia-de-prevencao-combinada-ao-hiv-aids-e-ists-informacao-cuidado-e-direitos-na-30a-parada-do-orgulho-lgbti-rio\/#primaryimage"},"thumbnailUrl":"https:\/\/arco-iris.org.br\/paradario\/wp-content\/uploads\/2025\/11\/IMG_5260-1.jpg","datePublished":"2025-11-21T00:55:35+00:00","dateModified":"2025-11-21T00:55:38+00:00","description":"Preven\u00e7\u00e3o ao HIV\/Aids na Parada LGBTI+ Rio: PrEP, PEP, ISTs, testagem, direitos e autocuidado em um servi\u00e7o de sa\u00fade e cidadania para toda a comunidade.","breadcrumb":{"@id":"https:\/\/arco-iris.org.br\/paradario\/guia-de-prevencao-combinada-ao-hiv-aids-e-ists-informacao-cuidado-e-direitos-na-30a-parada-do-orgulho-lgbti-rio\/#breadcrumb"},"inLanguage":"pt-BR","potentialAction":[{"@type":"ReadAction","target":["https:\/\/arco-iris.org.br\/paradario\/guia-de-prevencao-combinada-ao-hiv-aids-e-ists-informacao-cuidado-e-direitos-na-30a-parada-do-orgulho-lgbti-rio\/"]}]},{"@type":"ImageObject","inLanguage":"pt-BR","@id":"https:\/\/arco-iris.org.br\/paradario\/guia-de-prevencao-combinada-ao-hiv-aids-e-ists-informacao-cuidado-e-direitos-na-30a-parada-do-orgulho-lgbti-rio\/#primaryimage","url":"https:\/\/arco-iris.org.br\/paradario\/wp-content\/uploads\/2025\/11\/IMG_5260-1.jpg","contentUrl":"https:\/\/arco-iris.org.br\/paradario\/wp-content\/uploads\/2025\/11\/IMG_5260-1.jpg","width":600,"height":450},{"@type":"BreadcrumbList","@id":"https:\/\/arco-iris.org.br\/paradario\/guia-de-prevencao-combinada-ao-hiv-aids-e-ists-informacao-cuidado-e-direitos-na-30a-parada-do-orgulho-lgbti-rio\/#breadcrumb","itemListElement":[{"@type":"ListItem","position":1,"name":"In\u00edcio","item":"https:\/\/arco-iris.org.br\/paradario\/"},{"@type":"ListItem","position":2,"name":"Guia de Preven\u00e7\u00e3o Combinada ao HIV\/Aids e ISTs: informa\u00e7\u00e3o, cuidado e direitos na 30\u00aa Parada do Orgulho LGBTI+ Rio"}]},{"@type":"WebSite","@id":"https:\/\/arco-iris.org.br\/paradario\/#website","url":"https:\/\/arco-iris.org.br\/paradario\/","name":"Parada do Orgulho LBTI+ Rio","description":"","publisher":{"@id":"https:\/\/arco-iris.org.br\/paradario\/#organization"},"potentialAction":[{"@type":"SearchAction","target":{"@type":"EntryPoint","urlTemplate":"https:\/\/arco-iris.org.br\/paradario\/?s={search_term_string}"},"query-input":{"@type":"PropertyValueSpecification","valueRequired":true,"valueName":"search_term_string"}}],"inLanguage":"pt-BR"},{"@type":"Organization","@id":"https:\/\/arco-iris.org.br\/paradario\/#organization","name":"Parada do Orgulho LBTI+ Rio","url":"https:\/\/arco-iris.org.br\/paradario\/","logo":{"@type":"ImageObject","inLanguage":"pt-BR","@id":"https:\/\/arco-iris.org.br\/paradario\/#\/schema\/logo\/image\/","url":"https:\/\/arco-iris.org.br\/paradario\/wp-content\/uploads\/2024\/11\/Imagem-do-WhatsApp-de-2024-11-04-as-09.16.02_d50c7f73.jpg","contentUrl":"https:\/\/arco-iris.org.br\/paradario\/wp-content\/uploads\/2024\/11\/Imagem-do-WhatsApp-de-2024-11-04-as-09.16.02_d50c7f73.jpg","width":1200,"height":1500,"caption":"Parada do Orgulho LBTI+ Rio"},"image":{"@id":"https:\/\/arco-iris.org.br\/paradario\/#\/schema\/logo\/image\/"},"sameAs":["https:\/\/www.facebook.com\/grupoarcoiris.perfilii\/","https:\/\/www.instagram.com\/paradalgbtirio"]},{"@type":"Person","@id":"https:\/\/arco-iris.org.br\/paradario\/#\/schema\/person\/9fe3352eb9b27c51df2f611e3c2aa73c","name":"Jerson pita","image":{"@type":"ImageObject","inLanguage":"pt-BR","@id":"https:\/\/arco-iris.org.br\/paradario\/#\/schema\/person\/image\/","url":"https:\/\/secure.gravatar.com\/avatar\/b6dc077e3bc7cfe2445e6a3b241d737fa4654950b9508061b1e8cd3fadc1297f?s=96&d=mm&r=g","contentUrl":"https:\/\/secure.gravatar.com\/avatar\/b6dc077e3bc7cfe2445e6a3b241d737fa4654950b9508061b1e8cd3fadc1297f?s=96&d=mm&r=g","caption":"Jerson pita"},"url":"https:\/\/arco-iris.org.br\/paradario\/author\/jerson_pita\/"}]}},"_links":{"self":[{"href":"https:\/\/arco-iris.org.br\/paradario\/wp-json\/wp\/v2\/posts\/2866","targetHints":{"allow":["GET"]}}],"collection":[{"href":"https:\/\/arco-iris.org.br\/paradario\/wp-json\/wp\/v2\/posts"}],"about":[{"href":"https:\/\/arco-iris.org.br\/paradario\/wp-json\/wp\/v2\/types\/post"}],"author":[{"embeddable":true,"href":"https:\/\/arco-iris.org.br\/paradario\/wp-json\/wp\/v2\/users\/3"}],"replies":[{"embeddable":true,"href":"https:\/\/arco-iris.org.br\/paradario\/wp-json\/wp\/v2\/comments?post=2866"}],"version-history":[{"count":1,"href":"https:\/\/arco-iris.org.br\/paradario\/wp-json\/wp\/v2\/posts\/2866\/revisions"}],"predecessor-version":[{"id":2871,"href":"https:\/\/arco-iris.org.br\/paradario\/wp-json\/wp\/v2\/posts\/2866\/revisions\/2871"}],"wp:featuredmedia":[{"embeddable":true,"href":"https:\/\/arco-iris.org.br\/paradario\/wp-json\/wp\/v2\/media\/2656"}],"wp:attachment":[{"href":"https:\/\/arco-iris.org.br\/paradario\/wp-json\/wp\/v2\/media?parent=2866"}],"wp:term":[{"taxonomy":"category","embeddable":true,"href":"https:\/\/arco-iris.org.br\/paradario\/wp-json\/wp\/v2\/categories?post=2866"},{"taxonomy":"post_tag","embeddable":true,"href":"https:\/\/arco-iris.org.br\/paradario\/wp-json\/wp\/v2\/tags?post=2866"}],"curies":[{"name":"wp","href":"https:\/\/api.w.org\/{rel}","templated":true}]}}